{"id":3824,"date":"2025-07-24T12:18:40","date_gmt":"2025-07-24T15:18:40","guid":{"rendered":"https:\/\/jornadas.cl\/?p=3824"},"modified":"2025-07-28T12:31:22","modified_gmt":"2025-07-28T15:31:22","slug":"lanzamiento-de-las-xxxviii-jornadas-en-la-ciudad-de-puerto-natales","status":"publish","type":"post","link":"https:\/\/jornadas.cl\/?p=3824","title":{"rendered":"Lanzamiento de las XXXVIII Jornadas en la ciudad de Puerto Natales."},"content":{"rendered":"<div class=\"wpb-content-wrapper\"><p>[vc_row][vc_column][vc_column_text]El d\u00eda jueves 24 de julio se llev\u00f3 a efecto la ceremonia de apertura de la versi\u00f3n N\u00b0 38 de las Jornadas por la Rehabilitaci\u00f3n en Magallanes, bajo el slogan \u201cConectando Manos, Cambiamos Vidas\u201d, desarrollada en la comuna de Natales.<\/p>\n<p>En dicha oportunidad se conocieron las historias inspiradoras del embajador Maximiliano Fern\u00e1ndez y de Rosa S\u00e1nchez, quien vive en la ciudad de Puerto Natales y ha tenido una importante recuperaci\u00f3n gracias al equipo de trabajo del Centro de Rehabilitaci\u00f3n de Puerto Natales.[\/vc_column_text][\/vc_column][\/vc_row][vc_row][vc_column][vc_gallery interval=&#8221;3&#8243; images=&#8221;3829,3828,3827,3826,3825&#8243; img_size=&#8221;full&#8221; css=&#8221;&#8221;][\/vc_column][\/vc_row]<\/p>\n<\/div>","protected":false},"excerpt":{"rendered":"<p>[vc_row][vc_column][vc_column_text]El d\u00eda jueves 24 de julio se llev\u00f3 a efecto la ceremonia de apertura de la versi\u00f3n N\u00b0 38 de las Jornadas por la Rehabilitaci\u00f3n en Magallanes, bajo el slogan \u201cConectando Manos, Cambiamos Vidas\u201d, desarrollada en la comuna de Natales. En dicha oportunidad se conocieron las historias inspiradoras del embajador Maximiliano Fern\u00e1ndez y de Rosa [&hellip;]<\/p>\n","protected":false},"author":1,"featured_media":3830,"comment_status":"closed","ping_status":"open","sticky":false,"template":"","format":"standard","meta":{"footnotes":"","_links_to":"","_links_to_target":""},"categories":[71],"tags":[],"class_list":["post-3824","post","type-post","status-publish","format-standard","has-post-thumbnail","hentry","category-noticias"],"_links":{"self":[{"href":"https:\/\/jornadas.cl\/index.php?rest_route=\/wp\/v2\/posts\/3824","targetHints":{"allow":["GET"]}}],"collection":[{"href":"https:\/\/jornadas.cl\/index.php?rest_route=\/wp\/v2\/posts"}],"about":[{"href":"https:\/\/jornadas.cl\/index.php?rest_route=\/wp\/v2\/types\/post"}],"author":[{"embeddable":true,"href":"https:\/\/jornadas.cl\/index.php?rest_route=\/wp\/v2\/users\/1"}],"replies":[{"embeddable":true,"href":"https:\/\/jornadas.cl\/index.php?rest_route=%2Fwp%2Fv2%2Fcomments&post=3824"}],"version-history":[{"count":3,"href":"https:\/\/jornadas.cl\/index.php?rest_route=\/wp\/v2\/posts\/3824\/revisions"}],"predecessor-version":[{"id":3834,"href":"https:\/\/jornadas.cl\/index.php?rest_route=\/wp\/v2\/posts\/3824\/revisions\/3834"}],"wp:featuredmedia":[{"embeddable":true,"href":"https:\/\/jornadas.cl\/index.php?rest_route=\/wp\/v2\/media\/3830"}],"wp:attachment":[{"href":"https:\/\/jornadas.cl\/index.php?rest_route=%2Fwp%2Fv2%2Fmedia&parent=3824"}],"wp:term":[{"taxonomy":"category","embeddable":true,"href":"https:\/\/jornadas.cl\/index.php?rest_route=%2Fwp%2Fv2%2Fcategories&post=3824"},{"taxonomy":"post_tag","embeddable":true,"href":"https:\/\/jornadas.cl\/index.php?rest_route=%2Fwp%2Fv2%2Ftags&post=3824"}],"curies":[{"name":"wp","href":"https:\/\/api.w.org\/{rel}","templated":true}]}}